{"id":768,"date":"2026-09-04T12:36:24","date_gmt":"2026-09-04T12:36:24","guid":{"rendered":"https:\/\/periodicoeloriental.com\/?p=768"},"modified":"2026-09-04T12:36:25","modified_gmt":"2026-09-04T12:36:25","slug":"yabucoa-cuando-las-abejas-ensenan-en-el-aula","status":"publish","type":"post","link":"https:\/\/periodicoeloriental.com\/?p=768","title":{"rendered":"YABUCOA:  Cuando las abejas ense\u00f1an en el aula"},"content":{"rendered":"\n<p class=\"wp-block-paragraph\">Lo que comenz\u00f3 como un proyecto acad\u00e9mico que buscaba acercar a los estudiantes al mundo de las abejas se transform\u00f3 en una experiencia educativa que hoy involucra a toda la comunidad de la escuela Rogelio Rosado Crespo de Yabucoa.<\/p>\n\n\n\n<p class=\"wp-block-paragraph\">La iniciativa comenz\u00f3 a tomar forma hace cerca de cuatro a\u00f1os, cuando Yamilys Rold\u00e1n Fontan\u00e9s asumi\u00f3 la direcci\u00f3n del plantel y la maestra de Ciencias Karen Cintr\u00f3n le habl\u00f3 sobre un proyecto que ya hab\u00eda comenzado en la escuela y que contaba con el respaldo de organizaciones de Estados Unidos, entre ellas Wal Kid Fundation y Because Project.<\/p>\n\n\n\n<p class=\"wp-block-paragraph\">\u201cEl proyecto era para trabajar con abejas. Ellos nos daban dinero para sembrar y para colocar una colmena\u201d, explic\u00f3 a El Oriental la directora, quien encontr\u00f3 que hab\u00eda un exhibidor disponible, pero faltaba conseguir qui\u00e9n pudiera instalar una colmena de manera segura.<\/p>\n\n\n\n<p class=\"wp-block-paragraph\">La directora acudi\u00f3 entonces a Edward Cruz, apicultor del barrio Mariana de Maunabo, quien acept\u00f3 colaborar con el proyecto y acudi\u00f3 a la escuela para evaluar el lugar donde se instalar\u00eda la colmena.<\/p>\n\n\n\n<p class=\"wp-block-paragraph\">Pero Rold\u00e1n Fontan\u00e9s decidi\u00f3 involucrarse m\u00e1s all\u00e1 de la administraci\u00f3n del proyecto. Ante la recomendaci\u00f3n del apicultor, se matricul\u00f3 en la Escuela de Apicultura del Este y se certific\u00f3 como apicultora.<\/p>\n\n\n\n<p class=\"wp-block-paragraph\">\u201cMi primera experiencia bregando con una colmena fue algo tan fabuloso que me enamor\u00e9 de las abejas. Eso fue amor a primera vista\u201d, relat\u00f3.<\/p>\n\n\n\n<p class=\"wp-block-paragraph\">Desde entonces, la escuela ha trabajado con varias colmenas y ha ido ajustando el proyecto a las condiciones del entorno. Actualmente cuenta con una colmena instalada dentro de un exhibidor de cristal ubicado en un sal\u00f3n. Las abejas pueden entrar y salir mediante un tubo conectado al exterior, mientras los estudiantes observan desde una distancia segura lo que ocurre dentro de la colonia.<\/p>\n\n\n\n<p class=\"wp-block-paragraph\">La experiencia ha permitido que los alumnos desarrollen una relaci\u00f3n distinta con estos insectos. Para la directora, uno de los principales logros ha sido ense\u00f1arles que las abejas no deben ser vistas \u00fanicamente como animales que pueden picar, sino como parte esencial del ecosistema.<\/p>\n\n\n\n<p class=\"wp-block-paragraph\">\u201cLa idea es que los ni\u00f1os entiendan que yo no le tengo miedo a las abejas, sino que yo respeto el \u00e1rea de las abejas. Si yo respeto a las abejas, las abejas me van a respetar a m\u00ed\u201d, sostuvo.<\/p>\n\n\n\n<p class=\"wp-block-paragraph\">La colmena tambi\u00e9n se convirti\u00f3 en una herramienta para integrar distintas materias. En Ciencias se estudia el comportamiento y desarrollo de las abejas; en matem\u00e1ticas se analizan datos relacionados con sus movimientos; en estudios sociales se aborda la historia y la importancia de los polinizadores, mientras que espa\u00f1ol e ingl\u00e9s se utilizan para desarrollar vocabulario, escritura, libretos y materiales informativos.<\/p>\n\n\n\n<p class=\"wp-block-paragraph\">Incluso estudiantes de grados elementales trabajan en proyectos de comunicaci\u00f3n, incluyendo un peque\u00f1o noticiario biling\u00fce y publicaciones informativas sobre el proyecto.<\/p>\n\n\n\n<p class=\"wp-block-paragraph\">La iniciativa ha crecido con la colaboraci\u00f3n de investigadores universitarios. Recientemente, estudiantes participaron en una experiencia de <em>bee hunting<\/em>, en la que investigadores les ense\u00f1aron a identificar colonias cercanas y observar el comportamiento de las abejas.<\/p>\n\n\n\n<p class=\"wp-block-paragraph\">Adem\u00e1s, la Universidad de Puerto Rico comenz\u00f3 a instalar instrumentos para recopilar datos de la colmena, incluyendo sensores de sonido, calor y temperatura. Se contempla a\u00f1adir sensores de CO\u2082 y c\u00e1maras con inteligencia artificial para ampliar la informaci\u00f3n cient\u00edfica que pueda obtenerse.<\/p>\n\n\n\n<p class=\"wp-block-paragraph\">A futuro, Rold\u00e1n Fontan\u00e9s espera ampliar la experiencia mediante la creaci\u00f3n de un apiario fuera del plantel, donde los estudiantes puedan tener contacto directo con las colmenas utilizando el equipo de protecci\u00f3n adecuado y eventualmente cosechar miel.<\/p>\n\n\n\n<p class=\"wp-block-paragraph\">\u201cNosotros queremos que los estudiantes puedan tener la experiencia completa\u201d, explic\u00f3.<\/p>\n","protected":false},"excerpt":{"rendered":"<p>Lo que comenz\u00f3 como un proyecto acad\u00e9mico que buscaba acercar a los estudiantes al mundo de las abejas se transform\u00f3 en una experiencia educativa que hoy involucra a toda la comunidad de la escuela Rogelio Rosado Crespo de Yabucoa. La iniciativa comenz\u00f3 a tomar forma hace cerca de cuatro a\u00f1os, cuando Yamilys Rold\u00e1n Fontan\u00e9s asumi\u00f3 [&hellip;]<\/p>\n","protected":false},"author":5,"featured_media":769,"comment_status":"open","ping_status":"open","sticky":false,"template":"","format":"standard","meta":{"_et_pb_use_builder":"off","_et_pb_old_content":"","_et_gb_content_width":"","footnotes":""},"categories":[4],"tags":[245,250,248,252,251,246,247,111,249],"class_list":["post-768","post","type-post","status-publish","format-standard","has-post-thumbnail","hentry","category-noticias","tag-abejas","tag-apicultura","tag-becauseproject","tag-colmena","tag-edwardcruz","tag-escuelarogeliorosadocrespo","tag-walkidfoundation","tag-yabucoa","tag-yamilkaroldanfontanes","et-has-post-format-content","et_post_format-et-post-format-standard"],"_links":{"self":[{"href":"https:\/\/periodicoeloriental.com\/index.php?rest_route=\/wp\/v2\/posts\/768","targetHints":{"allow":["GET"]}}],"collection":[{"href":"https:\/\/periodicoeloriental.com\/index.php?rest_route=\/wp\/v2\/posts"}],"about":[{"href":"https:\/\/periodicoeloriental.com\/index.php?rest_route=\/wp\/v2\/types\/post"}],"author":[{"embeddable":true,"href":"https:\/\/periodicoeloriental.com\/index.php?rest_route=\/wp\/v2\/users\/5"}],"replies":[{"embeddable":true,"href":"https:\/\/periodicoeloriental.com\/index.php?rest_route=%2Fwp%2Fv2%2Fcomments&post=768"}],"version-history":[{"count":1,"href":"https:\/\/periodicoeloriental.com\/index.php?rest_route=\/wp\/v2\/posts\/768\/revisions"}],"predecessor-version":[{"id":770,"href":"https:\/\/periodicoeloriental.com\/index.php?rest_route=\/wp\/v2\/posts\/768\/revisions\/770"}],"wp:featuredmedia":[{"embeddable":true,"href":"https:\/\/periodicoeloriental.com\/index.php?rest_route=\/wp\/v2\/media\/769"}],"wp:attachment":[{"href":"https:\/\/periodicoeloriental.com\/index.php?rest_route=%2Fwp%2Fv2%2Fmedia&parent=768"}],"wp:term":[{"taxonomy":"category","embeddable":true,"href":"https:\/\/periodicoeloriental.com\/index.php?rest_route=%2Fwp%2Fv2%2Fcategories&post=768"},{"taxonomy":"post_tag","embeddable":true,"href":"https:\/\/periodicoeloriental.com\/index.php?rest_route=%2Fwp%2Fv2%2Ftags&post=768"}],"curies":[{"name":"wp","href":"https:\/\/api.w.org\/{rel}","templated":true}]}}