{"id":761,"date":"2026-09-02T21:33:19","date_gmt":"2026-09-02T21:33:19","guid":{"rendered":"https:\/\/periodicoeloriental.com\/?p=761"},"modified":"2026-09-02T21:51:21","modified_gmt":"2026-09-02T21:51:21","slug":"humacao-warriors-defensores-del-atletismo-en-el-este","status":"publish","type":"post","link":"https:\/\/periodicoeloriental.com\/?p=761","title":{"rendered":"Humacao Warriors: defensores del\u00a0atletismo en el este"},"content":{"rendered":"\n<p class=\"wp-block-paragraph\">La pista Jacinto Hern\u00e1ndez ha sido escenario de carreras, saltos, lanzamientos y sue\u00f1os. Contin\u00faa escribi\u00e9ndose la historia de Humacao Warriors Track &amp; Field en el este de Puerto Rico, formando atletas infantiles y juveniles.<\/p>\n\n\n\n<p class=\"wp-block-paragraph\">Seg\u00fan inform\u00f3 la organizaci\u00f3n, Humacao Warriors cuenta con m\u00e1s de 36 a\u00f1os representando a la Ciudad Gris. Su fundador y entrenador principal es Rafael P\u00e9rez, educador y propulsor deportivo exaltado en 2012 al Pabell\u00f3n de la Fama del Deporte Humacae\u00f1o.<\/p>\n\n\n\n<p class=\"wp-block-paragraph\">P\u00e9rez obtuvo en 1980 un bachillerato en Educaci\u00f3n F\u00edsica de la Universidad de Puerto Rico en Cayey. Comenz\u00f3 a trabajar en las escuelas elementales de Humacao, preparando ni\u00f1os para competencias distritales y regionales. En 1988 fue asignado a la Escuela Superior Ana Roqu\u00e9 y se certific\u00f3 como entrenador de atletismo.&nbsp;<\/p>\n\n\n\n<p class=\"wp-block-paragraph\">De ese compromiso naci\u00f3 Humacao Warriors. Bajo su direcci\u00f3n, numerosos atletas continuaron su desarrollo en diferentes universidades. Entre los nombres destacados figuran Luis D. \u201cChino\u201d Soto, Luis W. Torres y Odalys Romero. P\u00e9rez tambi\u00e9n fue reconocido como Maestro de Excelencia de Humacao en 1994 y obtuvo una certificaci\u00f3n de entrenador de la entonces International Amateur Athletic Federation en 2003.&nbsp;<\/p>\n\n\n\n<h2 class=\"wp-block-heading\"><strong>Una nueva generaci\u00f3n toma la pista<\/strong><\/h2>\n\n\n\n<p class=\"wp-block-paragraph\">El legado contin\u00faa con j\u00f3venes que compiten fuera de Puerto Rico. En agosto de 2026, Ethan Yassell Feliciano Rodr\u00edguez represent\u00f3 a la isla en los AAU Junior Olympic Games de Des Moines, Iowa.<\/p>\n\n\n\n<p class=\"wp-block-paragraph\">Seg\u00fan los resultados divulgados por Humacao Warriors, Ethan mejor\u00f3 sus marcas personales en los dos eventos en los que particip\u00f3. Complet\u00f3 los 200 metros en 29.34 segundos, superando los 30.73 registrados en Houston durante 2025. En los 100 metros marc\u00f3 14.46 segundos, mejorando su tiempo anterior de 15.05.<\/p>\n\n\n\n<p class=\"wp-block-paragraph\">Lilith Prieto tambi\u00e9n complet\u00f3 en 2026 su primera experiencia en los AAU Junior Olympic Games. De acuerdo con la informaci\u00f3n publicada por el club, compiti\u00f3 en tres pruebas: los 100 metros con vallas, con tiempo de 18.15 segundos; los 400 metros con vallas, con registro de 1:17.34; y los 400 metros lisos, que complet\u00f3 en 1:06.90.&nbsp;<\/p>\n\n\n\n<p class=\"wp-block-paragraph\">Las competencias de pista y campo se desarrollaron del 1 al 8 de agosto en Drake Stadium. Estas experiencias permiten que los j\u00f3venes conozcan otro nivel competitivo y regresen a Puerto Rico con nuevas metas.&nbsp;<\/p>\n\n\n\n<h2 class=\"wp-block-heading\"><strong>El crecimiento del atletismo en el este<\/strong><\/h2>\n\n\n\n<p class=\"wp-block-paragraph\">La evoluci\u00f3n regional tambi\u00e9n se refleja en sus competencias. En el 2026, la pista Jacinto Hern\u00e1ndez fue sede de la segunda Clasificatoria Infantil de la Uni\u00f3n de Atletismo de Puerto Rico.<\/p>\n\n\n\n<p class=\"wp-block-paragraph\">La actividad reuni\u00f3 a cientos de atletas de distintos puntos de la isla, incluyendo equipos de Juncos, Gurabo, Yabucoa y San Juan. Ni\u00f1os y j\u00f3venes participaron en eventos de velocidad, fondo, relevos, saltos y lanzamientos, buscando avanzar a las siguientes etapas del calendario atl\u00e9tico.&nbsp;<\/p>\n\n\n\n<p class=\"wp-block-paragraph\">Ese movimiento ha creado una ruta para el desarrollo: comenzar en un club comunitario, competir regionalmente, avanzar a campeonatos nacionales y aspirar a oportunidades universitarias o internacionales. Detr\u00e1s de cada resultado tambi\u00e9n est\u00e1n las familias, los entrenadores y quienes sostienen cada pr\u00e1ctica. La pista se convierte as\u00ed en un espacio de formaci\u00f3n donde se aprende a correr y saltar, pero tambi\u00e9n a trabajar con disciplina, responder ante la derrota y perseverar hasta alcanzar una meta.<\/p>\n\n\n\n<p class=\"wp-block-paragraph\">El atletismo organizado en Puerto Rico comenz\u00f3 a desarrollarse a principios del siglo XX. En 1947, Julio Enrique Monagas cre\u00f3 la Federaci\u00f3n de Atletismo Aficionado de Puerto Rico y, un a\u00f1o despu\u00e9s, la isla debut\u00f3 en los Juegos Ol\u00edmpicos de Londres.<\/p>\n\n\n\n<p class=\"wp-block-paragraph\">D\u00e9cadas m\u00e1s tarde, Javier Culson conquist\u00f3 en Londres 2012 la primera medalla ol\u00edmpica del atletismo puertorrique\u00f1o, al ganar bronce en los 400 metros con vallas. En 2021, Jasmine Camacho-Quinn obtuvo en Tokio la primera medalla de oro ol\u00edmpica de Puerto Rico en atletismo, dominando los 100 metros con vallas.&nbsp;<\/p>\n\n\n\n<p class=\"wp-block-paragraph\">Para la temporada 2026-2027, Humacao Warriors abri\u00f3 sus puertas a atletas entre los seis y los 19 a\u00f1os. Las pr\u00e1cticas se realizan de lunes a jueves, desde las 5:00 de la tarde, en la pista Jacinto Hern\u00e1ndez.<\/p>\n\n\n\n<p class=\"wp-block-paragraph\">Cada participante contin\u00faa una historia iniciada hace m\u00e1s de 36 a\u00f1os. Ese es el legado de Humacao Warriors: formar atletas desde la comunidad y aportar nuevas generaciones al atletismo puertorrique\u00f1o.<\/p>\n\n\n\n<p class=\"wp-block-paragraph\"><strong>Humacao corre, el este avanza y Puerto Rico sigue alcanzando nuevas metas.<\/strong><\/p>\n","protected":false},"excerpt":{"rendered":"<p>La pista Jacinto Hern\u00e1ndez ha sido escenario de carreras, saltos, lanzamientos y sue\u00f1os. Contin\u00faa escribi\u00e9ndose la historia de Humacao Warriors Track &amp; Field en el este de Puerto Rico, formando atletas infantiles y juveniles. Seg\u00fan inform\u00f3 la organizaci\u00f3n, Humacao Warriors cuenta con m\u00e1s de 36 a\u00f1os representando a la Ciudad Gris. Su fundador y entrenador [&hellip;]<\/p>\n","protected":false},"author":5,"featured_media":762,"comment_status":"open","ping_status":"open","sticky":false,"template":"","format":"standard","meta":{"_et_pb_use_builder":"off","_et_pb_old_content":"","_et_gb_content_width":"","footnotes":""},"categories":[7],"tags":[59,243,18,19,40,122,244],"class_list":["post-761","post","type-post","status-publish","format-standard","has-post-thumbnail","hentry","category-deportes","tag-atletismo","tag-atletismojuvenil","tag-deportes","tag-emilioperez","tag-humacao","tag-humacaowarriorstrack","tag-rafaelperez","et-has-post-format-content","et_post_format-et-post-format-standard"],"_links":{"self":[{"href":"https:\/\/periodicoeloriental.com\/index.php?rest_route=\/wp\/v2\/posts\/761","targetHints":{"allow":["GET"]}}],"collection":[{"href":"https:\/\/periodicoeloriental.com\/index.php?rest_route=\/wp\/v2\/posts"}],"about":[{"href":"https:\/\/periodicoeloriental.com\/index.php?rest_route=\/wp\/v2\/types\/post"}],"author":[{"embeddable":true,"href":"https:\/\/periodicoeloriental.com\/index.php?rest_route=\/wp\/v2\/users\/5"}],"replies":[{"embeddable":true,"href":"https:\/\/periodicoeloriental.com\/index.php?rest_route=%2Fwp%2Fv2%2Fcomments&post=761"}],"version-history":[{"count":1,"href":"https:\/\/periodicoeloriental.com\/index.php?rest_route=\/wp\/v2\/posts\/761\/revisions"}],"predecessor-version":[{"id":763,"href":"https:\/\/periodicoeloriental.com\/index.php?rest_route=\/wp\/v2\/posts\/761\/revisions\/763"}],"wp:featuredmedia":[{"embeddable":true,"href":"https:\/\/periodicoeloriental.com\/index.php?rest_route=\/wp\/v2\/media\/762"}],"wp:attachment":[{"href":"https:\/\/periodicoeloriental.com\/index.php?rest_route=%2Fwp%2Fv2%2Fmedia&parent=761"}],"wp:term":[{"taxonomy":"category","embeddable":true,"href":"https:\/\/periodicoeloriental.com\/index.php?rest_route=%2Fwp%2Fv2%2Fcategories&post=761"},{"taxonomy":"post_tag","embeddable":true,"href":"https:\/\/periodicoeloriental.com\/index.php?rest_route=%2Fwp%2Fv2%2Ftags&post=761"}],"curies":[{"name":"wp","href":"https:\/\/api.w.org\/{rel}","templated":true}]}}