{"id":750,"date":"2026-09-02T05:12:00","date_gmt":"2026-09-02T05:12:00","guid":{"rendered":"https:\/\/periodicoeloriental.com\/?p=750"},"modified":"2026-08-31T16:19:06","modified_gmt":"2026-08-31T16:19:06","slug":"juncos-vecinos-ayudan-a-trazar-plan-de-mitigacion","status":"publish","type":"post","link":"https:\/\/periodicoeloriental.com\/?p=750","title":{"rendered":"JUNCOS:  Vecinos ayudan a trazar plan de mitigaci\u00f3n"},"content":{"rendered":"\n<p class=\"wp-block-paragraph\">La identificaci\u00f3n de problemas relacionados con terrenos, agua, energ\u00eda el\u00e9ctrica y otras necesidades de las comunidades forma parte de la primera etapa del proceso de actualizaci\u00f3n del Plan de Mitigaci\u00f3n del Municipio de Juncos, un documento que debe revisarse cada cinco a\u00f1os y que resulta clave para que el municipio pueda acceder a fondos federales destinados a proyectos de mitigaci\u00f3n.<\/p>\n\n\n\n<p class=\"wp-block-paragraph\">As\u00ed lo explic\u00f3 a El Oriental la directora de la Oficina de Programas Federales del Municipio de Juncos, Rosa Flores, quien inform\u00f3 que recientemente se llev\u00f3 a cabo una reuni\u00f3n con residentes como parte del proceso de recopilaci\u00f3n de informaci\u00f3n.<\/p>\n\n\n\n<p class=\"wp-block-paragraph\">El encuentro cont\u00f3 con la participaci\u00f3n de l\u00edderes de diferentes comunidades, quienes adem\u00e1s tuvieron la oportunidad de compartir y aclarar sus preocupaciones relacionadas con los riesgos y necesidades de sus respectivos barrios y \u00e1reas residenciales.<\/p>\n\n\n\n<p class=\"wp-block-paragraph\">\u201cSe discuti\u00f3 la primera fase, comunic\u00e1ndole a los ciudadanos y recogiendo el insumo de lo que son sus problem\u00e1ticas en cuestiones de los da\u00f1os, cualquier problema o situaci\u00f3n que tengan sus terrenos en su \u00e1rea. La participaci\u00f3n comunitaria es fundamental para identificar \u00e1reas vulnerables y desarrollar acciones que contribuyan a un Juncos m\u00e1s seguro y resiliente\u201d, explic\u00f3 Flores.<\/p>\n\n\n\n<p class=\"wp-block-paragraph\">La funcionaria se\u00f1al\u00f3 que el proceso se encuentra todav\u00eda en una etapa inicial, en la que el municipio busca conocer directamente las situaciones que enfrentan los residentes para incorporarlas al documento que posteriormente servir\u00e1 como gu\u00eda para establecer proyectos relacionados con la mitigaci\u00f3n de riesgos.<\/p>\n\n\n\n<p class=\"wp-block-paragraph\">El plan se actualiza cada cinco a\u00f1os y, adem\u00e1s de identificar necesidades, permite dar seguimiento a proyectos que hab\u00edan sido incluidos en la versi\u00f3n anterior.<\/p>\n\n\n\n<p class=\"wp-block-paragraph\">\u201cSe hace cada cinco a\u00f1os y entonces se ven los proyectos del municipio que se relacionan a mitigaci\u00f3n y se le da seguimiento a todo lo que tambi\u00e9n se hizo, todos los proyectos que se reportaron en el plan de mitigaci\u00f3n pasado\u201d, indic\u00f3.<\/p>\n\n\n\n<p class=\"wp-block-paragraph\">Entre las preocupaciones planteadas durante los encuentros con residentes se encuentran situaciones relacionadas con el servicio de energ\u00eda el\u00e9ctrica y agua, adem\u00e1s de asuntos vinculados con los terrenos y otras necesidades de las comunidades.<\/p>\n\n\n\n<p class=\"wp-block-paragraph\">Flores destac\u00f3 la importancia de mantener actualizado el documento debido a su relaci\u00f3n con la posibilidad de obtener recursos federales ante eventos que puedan afectar al municipio.<\/p>\n\n\n\n<p class=\"wp-block-paragraph\">\u201cSi viene alg\u00fan evento, FEMA no otorga el plan de mitigaci\u00f3n; otorga fondos, y el plan de mitigaci\u00f3n del municipio tiene que estar bien actualizado\u201d, explic\u00f3.<\/p>\n\n\n\n<p class=\"wp-block-paragraph\">Mientras contin\u00faa este proceso, el municipio tambi\u00e9n trabaja en otra iniciativa que contempla la ampliaci\u00f3n del cementerio nuevo Ram\u00f3n Delgado Rodr\u00edguez, ubicado en la carretera PR-31. Flores aclar\u00f3 que el proyecto contin\u00faa en el proceso de dise\u00f1o y tr\u00e1mites correspondientes.<\/p>\n\n\n\n<p class=\"wp-block-paragraph\">Como parte de ese proceso, el municipio celebr\u00f3 vistas p\u00fablicas el 31 de agosto pasado, dirigidas a informar a los ciudadanos sobre la intenci\u00f3n del esfuerzo y recibir sus planteamientos.<\/p>\n\n\n\n<p class=\"wp-block-paragraph\">\u201cLas vistas p\u00fablicas son para los ciudadanos, para comunicar la intenci\u00f3n del municipio para el proyecto, explicarle y eso tambi\u00e9n tiene que pasar por la Legislatura para su aprobaci\u00f3n\u201d, se\u00f1al\u00f3 Flores.<\/p>\n\n\n\n<p class=\"wp-block-paragraph\">La ampliaci\u00f3n responde a una necesidad identificada por el director del cementerio ante la falta de espacio disponible. El proyecto contempla utilizar un terreno municipal que se encuentra en las inmediaciones de las instalaciones.<\/p>\n\n\n\n<p class=\"wp-block-paragraph\">Adem\u00e1s de la extensi\u00f3n, se contempla realizar mejoras en las instalaciones relacionadas con el \u00e1rea donde se desarrollar\u00eda la construcci\u00f3n. Flores indic\u00f3 que recientemente tambi\u00e9n se complet\u00f3 un proyecto mediante fondos federales que permiti\u00f3 a\u00f1adir 36 nichos al cementerio.<\/p>\n\n\n\n<p class=\"wp-block-paragraph\">El proyecto tambi\u00e9n cuenta con fondos federales y se trabaja mediante recursos gestionados con el Departamento de Agricultura de Estados Unidos, conocido como Rural Development.<\/p>\n\n\n\n<p class=\"wp-block-paragraph\">Por el momento, tampoco existe una fecha definitiva para la culminaci\u00f3n de la construcci\u00f3n. Flores estim\u00f3 que el proceso podr\u00eda extenderse alrededor de un a\u00f1o, aunque aclar\u00f3 que todav\u00eda es prematuro establecer un calendario definitivo debido a factores que pueden afectar las obras, como los procesos de contrataci\u00f3n y las condiciones del tiempo.<\/p>\n","protected":false},"excerpt":{"rendered":"<p>La identificaci\u00f3n de problemas relacionados con terrenos, agua, energ\u00eda el\u00e9ctrica y otras necesidades de las comunidades forma parte de la primera etapa del proceso de actualizaci\u00f3n del Plan de Mitigaci\u00f3n del Municipio de Juncos, un documento que debe revisarse cada cinco a\u00f1os y que resulta clave para que el municipio pueda acceder a fondos federales [&hellip;]<\/p>\n","protected":false},"author":5,"featured_media":751,"comment_status":"open","ping_status":"open","sticky":false,"template":"","format":"standard","meta":{"_et_pb_use_builder":"off","_et_pb_old_content":"","_et_gb_content_width":"","footnotes":""},"categories":[5],"tags":[13,57,237,23,238,234],"class_list":["post-750","post","type-post","status-publish","format-standard","has-post-thumbnail","hentry","category-al-frente","tag-eloriental","tag-juncos","tag-liderescomunitarios-2","tag-municipiodejuncos","tag-necesidadesdelacomunidad","tag-plandemitigacion","et-has-post-format-content","et_post_format-et-post-format-standard"],"_links":{"self":[{"href":"https:\/\/periodicoeloriental.com\/index.php?rest_route=\/wp\/v2\/posts\/750","targetHints":{"allow":["GET"]}}],"collection":[{"href":"https:\/\/periodicoeloriental.com\/index.php?rest_route=\/wp\/v2\/posts"}],"about":[{"href":"https:\/\/periodicoeloriental.com\/index.php?rest_route=\/wp\/v2\/types\/post"}],"author":[{"embeddable":true,"href":"https:\/\/periodicoeloriental.com\/index.php?rest_route=\/wp\/v2\/users\/5"}],"replies":[{"embeddable":true,"href":"https:\/\/periodicoeloriental.com\/index.php?rest_route=%2Fwp%2Fv2%2Fcomments&post=750"}],"version-history":[{"count":1,"href":"https:\/\/periodicoeloriental.com\/index.php?rest_route=\/wp\/v2\/posts\/750\/revisions"}],"predecessor-version":[{"id":752,"href":"https:\/\/periodicoeloriental.com\/index.php?rest_route=\/wp\/v2\/posts\/750\/revisions\/752"}],"wp:featuredmedia":[{"embeddable":true,"href":"https:\/\/periodicoeloriental.com\/index.php?rest_route=\/wp\/v2\/media\/751"}],"wp:attachment":[{"href":"https:\/\/periodicoeloriental.com\/index.php?rest_route=%2Fwp%2Fv2%2Fmedia&parent=750"}],"wp:term":[{"taxonomy":"category","embeddable":true,"href":"https:\/\/periodicoeloriental.com\/index.php?rest_route=%2Fwp%2Fv2%2Fcategories&post=750"},{"taxonomy":"post_tag","embeddable":true,"href":"https:\/\/periodicoeloriental.com\/index.php?rest_route=%2Fwp%2Fv2%2Ftags&post=750"}],"curies":[{"name":"wp","href":"https:\/\/api.w.org\/{rel}","templated":true}]}}