{"id":431,"date":"2026-03-11T20:14:58","date_gmt":"2026-03-11T20:14:58","guid":{"rendered":"https:\/\/periodicoeloriental.com\/?p=431"},"modified":"2026-03-11T20:14:59","modified_gmt":"2026-03-11T20:14:59","slug":"cierre-de-vias-por-trabajos-en-la-pr-970","status":"publish","type":"post","link":"https:\/\/periodicoeloriental.com\/?p=431","title":{"rendered":"Cierre de v\u00edas por trabajos en la PR-970"},"content":{"rendered":"\n<p>La Autoridad de Carreteras y Transportaci\u00f3n (ACT) inform\u00f3 del inicio ayer, martes, de los trabajos de escarificaci\u00f3n y repavimentaci\u00f3n en la carretera PR-970 desde el kil\u00f3metro 0.7 intersecci\u00f3n salida 21 de la PR-53, hasta el kil\u00f3metro 2.4 en el municipio aut\u00f3nomo de Naguabo.<\/p>\n\n\n\n<p>El proyecto conlleva una inversi\u00f3n de $1,274,690.00 de fondos estatales.<\/p>\n\n\n\n<p>Los trabajos conllevan el cierre de la v\u00eda en ambas direcciones desde ayer, martes, en horario de 9:00 a.m. a 2:00 p.m.<\/p>\n\n\n\n<p>Las labores se extender\u00e1n aproximadamente por 20 d\u00edas y, como ruta alterna, los conductores y los residentes del sector Maizales podr\u00e1n utilizar la salida 18, Naguabo Centro del Expreso PR-53 y acceder por la PR-971, sector el Duque.<\/p>\n\n\n\n<p>El plan beneficiar\u00e1 principalmente los residentes de las comunidades Maizales y El Duque en Naguabo.<\/p>\n\n\n\n<p>El prop\u00f3sito de es mejorar la seguridad de los usuarios mediante trabajos de escarificaci\u00f3n, repavimentaci\u00f3n, marcado de l\u00edneas termopl\u00e1sticas e instalaci\u00f3n de reflectores de pavimento.<\/p>\n\n\n\n<p>\u201cDentro de las zonas de construcci\u00f3n trabajan muchas personas, por lo que se exhorta a los conductores a estar atentos a las se\u00f1ales y otros dispositivos para el control del tr\u00e1nsito a ser instalados en el \u00e1rea, para su seguridad y orientaci\u00f3n\u201d, indic\u00f3 la ACT.<\/p>\n\n\n\n<p>Adem\u00e1s, la dependencia p\u00fablica se\u00f1al\u00f3 que para reducir los retrasos en los tiempos de viaje \u201cse recomienda a los conductores utilizar Aplicaci\u00f3n WAZE. Pueden mantenerse informados sobre los trabajos y proyectos a trav\u00e9s de las redes sociales, Facebook ACT\/DTOP\u201d.<\/p>\n\n\n\n<p>La ACT trabaj\u00f3 hasta el pasado domingo en la PR-30 con el dep\u00f3sito de hormig\u00f3n en el puente 1248, kil\u00f3metro 27.8, como parte del Programa Acelerado de Mejoras de Seguridad en el municipio de Humacao.<\/p>\n\n\n\n<p>El objetivo de esas tareas fue rehabilitar el pavimento en los puentes, mejorar el drenaje, instalar rotulaci\u00f3n permanente, barreras met\u00e1licas y de hormig\u00f3n.<\/p>\n\n\n\n<p><\/p>\n\n\n\n<p><\/p>\n","protected":false},"excerpt":{"rendered":"<p>La Autoridad de Carreteras y Transportaci\u00f3n (ACT) inform\u00f3 del inicio ayer, martes, de los trabajos de escarificaci\u00f3n y repavimentaci\u00f3n en la carretera PR-970 desde el kil\u00f3metro 0.7 intersecci\u00f3n salida 21 de la PR-53, hasta el kil\u00f3metro 2.4 en el municipio aut\u00f3nomo de Naguabo. El proyecto conlleva una inversi\u00f3n de $1,274,690.00 de fondos estatales. Los trabajos [&hellip;]<\/p>\n","protected":false},"author":5,"featured_media":432,"comment_status":"open","ping_status":"open","sticky":false,"template":"","format":"standard","meta":{"_et_pb_use_builder":"off","_et_pb_old_content":"","_et_gb_content_width":"","footnotes":""},"categories":[5],"tags":[14,15,13,11,12],"class_list":["post-431","post","type-post","status-publish","format-standard","has-post-thumbnail","hentry","category-al-frente","tag-act-trabajosencarretera","tag-cierredevias","tag-eloriental","tag-naguabo","tag-pr970","et-has-post-format-content","et_post_format-et-post-format-standard"],"_links":{"self":[{"href":"https:\/\/periodicoeloriental.com\/index.php?rest_route=\/wp\/v2\/posts\/431","targetHints":{"allow":["GET"]}}],"collection":[{"href":"https:\/\/periodicoeloriental.com\/index.php?rest_route=\/wp\/v2\/posts"}],"about":[{"href":"https:\/\/periodicoeloriental.com\/index.php?rest_route=\/wp\/v2\/types\/post"}],"author":[{"embeddable":true,"href":"https:\/\/periodicoeloriental.com\/index.php?rest_route=\/wp\/v2\/users\/5"}],"replies":[{"embeddable":true,"href":"https:\/\/periodicoeloriental.com\/index.php?rest_route=%2Fwp%2Fv2%2Fcomments&post=431"}],"version-history":[{"count":1,"href":"https:\/\/periodicoeloriental.com\/index.php?rest_route=\/wp\/v2\/posts\/431\/revisions"}],"predecessor-version":[{"id":433,"href":"https:\/\/periodicoeloriental.com\/index.php?rest_route=\/wp\/v2\/posts\/431\/revisions\/433"}],"wp:featuredmedia":[{"embeddable":true,"href":"https:\/\/periodicoeloriental.com\/index.php?rest_route=\/wp\/v2\/media\/432"}],"wp:attachment":[{"href":"https:\/\/periodicoeloriental.com\/index.php?rest_route=%2Fwp%2Fv2%2Fmedia&parent=431"}],"wp:term":[{"taxonomy":"category","embeddable":true,"href":"https:\/\/periodicoeloriental.com\/index.php?rest_route=%2Fwp%2Fv2%2Fcategories&post=431"},{"taxonomy":"post_tag","embeddable":true,"href":"https:\/\/periodicoeloriental.com\/index.php?rest_route=%2Fwp%2Fv2%2Ftags&post=431"}],"curies":[{"name":"wp","href":"https:\/\/api.w.org\/{rel}","templated":true}]}}