{"id":234,"date":"2026-01-28T05:18:00","date_gmt":"2026-01-28T05:18:00","guid":{"rendered":"https:\/\/periodicoeloriental.com\/?p=234"},"modified":"2026-01-27T19:21:51","modified_gmt":"2026-01-27T19:21:51","slug":"yabucoa-abre-sus-puertas-primera-escuela-comunitaria-de-puerto-rico","status":"publish","type":"post","link":"https:\/\/periodicoeloriental.com\/?p=234","title":{"rendered":"YABUCOA:  Abre sus puertas primera escuela comunitaria de Puerto Rico"},"content":{"rendered":"\n<p>El municipio aut\u00f3nomo de Yabucoa inaugur\u00f3 la primera Escuela Comunitaria de Puerto Rico en las instalaciones de la elemental urbana Jos\u00e9 Facundo.<\/p>\n\n\n\n<p>Seg\u00fan cont\u00f3 a El Oriental el alcalde Rafael Surillo Ruiz, el proyecto, que cuenta con el apoyo de la Universidad de Puerto Rico (UPR), utilizar\u00e1 la parte trasera del plantel, que estaba en desuso.<\/p>\n\n\n\n<p>Destac\u00f3 que \u201cel prop\u00f3sito principal es capacitar, orientar y preparar a nuestros l\u00edderes comunitarios, y tambi\u00e9n identificar l\u00edderes j\u00f3venes, para que los j\u00f3venes vean esto como una alternativa\u201d.<\/p>\n\n\n\n<p>Pero, adem\u00e1s, detall\u00f3 que el lugar servir\u00e1 para el establecimiento de laboratorios de ciencia y tecnolog\u00eda enfocados en apoyar a las comunidades durante eventos atmosf\u00e9ricos como huracanes y tormentas.<\/p>\n\n\n\n<p>\u201cNo es un laboratorio acad\u00e9mico tradicional, sino uno para ayudar a las comunidades en eventos atmosf\u00e9ricos, con instrumentos especializados para medir la fuerza de los vientos, la lluvia que ha ca\u00eddo y la que se pronostica\u201d, explic\u00f3 el alcalde.<\/p>\n\n\n\n<p>A su vez, el proyecto incluir\u00e1 laboratorios para el desarrollo de composta y esfuerzos innovadores de b\u00fasqueda y rescate, tambi\u00e9n liderados por la UPR.<\/p>\n\n\n\n<p>\u201cSe ha trabajado enormemente en alternativas de b\u00fasqueda y rescate, incluyendo el adiestramiento de un perro especializado y el dise\u00f1o de una culebra electr\u00f3nica que puede entrar a lugares donde no puede acceder ni el hombre ni el perro\u201d, puntualiz\u00f3 Surillo Ruiz.<\/p>\n\n\n\n<p>La selecci\u00f3n de la escuela respondi\u00f3 a su baja matr\u00edcula actual y a la existencia de edificios en desuso. \u201cNuestro inter\u00e9s era utilizar una escuela que en el pasado tuvo una matr\u00edcula enorme, pero que se redujo dram\u00e1ticamente. En la parte de atr\u00e1s hab\u00eda edificios sin usarse y lo que pretendemos es dar uso a esas facilidades\u201d, manifest\u00f3 el primer ejecutivo municipal.<\/p>\n\n\n\n<p>El proyecto logr\u00f3 el respaldo del Departamento de Educaci\u00f3n, cuyo secretario, Eliezer Ramos Par\u00e9s, firm\u00f3 un acuerdo con el municipio en una ceremonia celebrada el pasado viernes para inaugurar el nuevo establecimiento.<\/p>\n\n\n\n<p>\u201cAqu\u00ed se uni\u00f3 la academia, el gobierno central, el gobierno municipal, los grupos comunitarios; es un junte de todos. Yo siempre digo que as\u00ed es que se debe construir la nueva patria, cuando nos unimos todos\u201d, expres\u00f3 Surillo Ruiz.<\/p>\n\n\n\n<p>Asimismo, adelant\u00f3 que \u201cya estamos en di\u00e1logo con muchas instituciones que quieren ser parte de este esfuerzo, que es \u00fanico en Yabucoa, en Puerto Rico y en el Caribe\u201d, afirm\u00f3.<\/p>\n\n\n\n<p>Al explicar el rol del ayuntamiento, el alcalde indic\u00f3 que el convenio principal se realiza con el ente municipal: \u201cNosotros fuimos los que entramos en este acuerdo, los que organizamos los grupos comunitarios y los que seremos responsables del mantenimiento de las facilidades\u201d.<\/p>\n\n\n\n<p>A\u00f1adi\u00f3 que se crear\u00e1 una corporaci\u00f3n, llamada Impulso Comunitario de Yabucoa, que administrar\u00e1 el espacio, mientras el municipio fungir\u00e1 como colaborador en log\u00edstica y apoyo.<\/p>\n\n\n\n<p>El espacio funcionar\u00e1 como un centro educativo para adultos y l\u00edderes comunitarios, con \u00e9nfasis en liderazgo, administraci\u00f3n y manejo de emergencias.<\/p>\n\n\n\n<p>\u201cAqu\u00ed no se van a dar clases de matem\u00e1ticas tradicionales; se van a ofrecer talleres de liderazgo, administraci\u00f3n, uso de instrumentos y preparaci\u00f3n de planes de emergencia comunitarios\u201d, explic\u00f3.<\/p>\n\n\n\n<p>Agreg\u00f3 que \u201cel municipio ha hecho una inversi\u00f3n, pero yo no lo veo como un gasto, sino como una inversi\u00f3n a futuro\u201d. Incluso, parte del equipamiento proviene del reciclaje de mobiliario de escuelas cerradas, gestionado con el Departamento de Educaci\u00f3n.<\/p>\n\n\n\n<p>Sobre el esfuerzo, expuso que \u201cle estamos dando vida a la escuela. Esta \u00e1rea se est\u00e1 independizando para no afectar su programaci\u00f3n y al final ser\u00e1 una ganancia para todos, incluso para los ni\u00f1os, que se beneficiar\u00e1n de los talleres y del proyecto\u201d, consider\u00f3 el alcalde.<\/p>\n\n\n\n<p>Entre los m\u00faltiples cursos que se ofrecer\u00e1n para l\u00edderes comunitarios, destaca uno que se dedicar\u00e1 a la creaci\u00f3n de propuestas federales, y habr\u00e1 otros, como laboratorios de estudios ambientales.<\/p>\n\n\n\n<p>El alcalde de Yabucoa resalt\u00f3 la gesti\u00f3n de William Berm\u00fadez como un ejemplo del impacto que pueden tener las iniciativas comunitarias cuando cuentan con organizaci\u00f3n y respaldo institucional.<\/p>\n\n\n\n<p>Berm\u00fadez administra las instalaciones de una escuela abandonada en el barrio Calabazas, donde se estableci\u00f3 el denominado Proyecto \u00c1ngeles, una iniciativa comunitaria que ha logrado transformar un espacio en desuso en un centro activo de servicio a la comunidad.<\/p>\n\n\n\n<p>Seg\u00fan explic\u00f3 el alcalde, los logros alcanzados por este grupo comunitario llamaron la atenci\u00f3n de su administraci\u00f3n, al punto de convertirse en un modelo a replicar en otras comunidades del municipio.<\/p>\n\n\n\n<p>\u201cLos resultados que han alcanzado con ese grupo han sido extraordinarios\u201d, opin\u00f3 Surillo Ruiz, al destacar la capacidad de organizaci\u00f3n y el compromiso demostrado por Berm\u00fadez en la administraci\u00f3n de las instalaciones y el desarrollo del proyecto.<\/p>\n\n\n\n<p>El mandatario indic\u00f3 que, a trav\u00e9s de la Oficina de Impulso Comunitario del municipio, se le ha solicitado a Berm\u00fadez que colabore en la expansi\u00f3n de este modelo organizativo hacia otras comunidades de Yabucoa.<\/p>\n\n\n\n<p>La intenci\u00f3n, seg\u00fan explic\u00f3, es utilizar la experiencia adquirida en Calabazas como base para fortalecer y estructurar otros grupos comunitarios, alineados con una visi\u00f3n municipal de autogesti\u00f3n y resiliencia comunitaria.<\/p>\n\n\n\n<p>En cuanto a la escuela, que tiene una matr\u00edcula de 130 estudiantes, sus labores no se afectar\u00e1n, ya que ambos planteles estar\u00e1n incluso separados por una reja.<\/p>\n","protected":false},"excerpt":{"rendered":"<p>El municipio aut\u00f3nomo de Yabucoa inaugur\u00f3 la primera Escuela Comunitaria de Puerto Rico en las instalaciones de la elemental urbana Jos\u00e9 Facundo. Seg\u00fan cont\u00f3 a El Oriental el alcalde Rafael Surillo Ruiz, el proyecto, que cuenta con el apoyo de la Universidad de Puerto Rico (UPR), utilizar\u00e1 la parte trasera del plantel, que estaba en [&hellip;]<\/p>\n","protected":false},"author":1,"featured_media":0,"comment_status":"open","ping_status":"open","sticky":false,"template":"","format":"standard","meta":{"_et_pb_use_builder":"off","_et_pb_old_content":"","_et_gb_content_width":"","footnotes":""},"categories":[4],"tags":[],"class_list":["post-234","post","type-post","status-publish","format-standard","hentry","category-noticias","et-doesnt-have-format-content","et_post_format-et-post-format-standard"],"_links":{"self":[{"href":"https:\/\/periodicoeloriental.com\/index.php?rest_route=\/wp\/v2\/posts\/234","targetHints":{"allow":["GET"]}}],"collection":[{"href":"https:\/\/periodicoeloriental.com\/index.php?rest_route=\/wp\/v2\/posts"}],"about":[{"href":"https:\/\/periodicoeloriental.com\/index.php?rest_route=\/wp\/v2\/types\/post"}],"author":[{"embeddable":true,"href":"https:\/\/periodicoeloriental.com\/index.php?rest_route=\/wp\/v2\/users\/1"}],"replies":[{"embeddable":true,"href":"https:\/\/periodicoeloriental.com\/index.php?rest_route=%2Fwp%2Fv2%2Fcomments&post=234"}],"version-history":[{"count":1,"href":"https:\/\/periodicoeloriental.com\/index.php?rest_route=\/wp\/v2\/posts\/234\/revisions"}],"predecessor-version":[{"id":236,"href":"https:\/\/periodicoeloriental.com\/index.php?rest_route=\/wp\/v2\/posts\/234\/revisions\/236"}],"wp:attachment":[{"href":"https:\/\/periodicoeloriental.com\/index.php?rest_route=%2Fwp%2Fv2%2Fmedia&parent=234"}],"wp:term":[{"taxonomy":"category","embeddable":true,"href":"https:\/\/periodicoeloriental.com\/index.php?rest_route=%2Fwp%2Fv2%2Fcategories&post=234"},{"taxonomy":"post_tag","embeddable":true,"href":"https:\/\/periodicoeloriental.com\/index.php?rest_route=%2Fwp%2Fv2%2Ftags&post=234"}],"curies":[{"name":"wp","href":"https:\/\/api.w.org\/{rel}","templated":true}]}}