{"id":228,"date":"2026-01-28T05:30:00","date_gmt":"2026-01-28T05:30:00","guid":{"rendered":"https:\/\/periodicoeloriental.com\/?p=228"},"modified":"2026-01-27T18:54:04","modified_gmt":"2026-01-27T18:54:04","slug":"conteo-de-personas-sin-hogar-en-region-oriental","status":"publish","type":"post","link":"https:\/\/periodicoeloriental.com\/?p=228","title":{"rendered":"Conteo de personas sin hogar en regi\u00f3n oriental"},"content":{"rendered":"\n<p>La regi\u00f3n oriental ser\u00e1 parte, desde esta tarde, del Conteo de Personas sin Hogar 2026, un esfuerzo de 24 horas que tiene el objetivo de medir la magnitud del sinhogarismo y orientar la planificaci\u00f3n de servicios y recursos en la Isla.<\/p>\n\n\n\n<p>M\u00e1s de diez municipios de la zona este participar\u00e1n de la iniciativa que impulsa la Coordinadora Moriviv\u00ed, entre ellos Caguas, Ceiba, Fajardo, Gurabo, Humacao, Juncos, Las Piedras, Naguabo, San Lorenzo y Yabucoa.<\/p>\n\n\n\n<p>El conteo -que cuenta con cerca de 300 voluntarios- permitir\u00e1 identificar cu\u00e1ntas personas viven sin una vivienda segura y las condiciones en las que se encuentran.<\/p>\n\n\n\n<p>Los datos recopilados son fundamentales para mejorar servicios, fortalecer procesos, coordinar esfuerzos entre sectores y respaldar la asignaci\u00f3n de fondos estatales y federales dirigidos a vivienda y apoyo social.<\/p>\n\n\n\n<p>Coordinadora Moriviv\u00ed lidera este esfuerzo que parte a las 6:00 p.m. de hoy y concluye a la misma hora de ma\u00f1ana, jueves, en un total de 54 municipios, que abarcan el sur, este, oeste y centro de Puerto Rico, as\u00ed como los municipios isla de Vieques y Culebra.<\/p>\n\n\n\n<p>El Conteo de Personas sin Hogar 2024 estim\u00f3 que 2,096 personas viv\u00edan sin hogar en Puerto Rico.<\/p>\n\n\n\n<p>En municipios como el de Humacao, ese a\u00f1o se reportaron 42 personas sin hogar, que representan el cuatro por ciento del total de la zona oeste y la del sureste de la isla, afirm\u00f3 Carlos Hern\u00e1ndez, coordinador del ayuntamiento de proyectos de vivienda para gente que no tiene donde vivir.<\/p>\n\n\n\n<p>El funcionario municipal coment\u00f3 a El Oriental que \u201cel conteo de personas sin hogar es una iniciativa del gobierno federal. Toda organizaci\u00f3n, ya sea gubernamental o sin fines de lucro, tiene que participar siempre y cuando reciba fondos directos o indirectos del gobierno federal en el \u00e1rea de vivienda\u201d, explic\u00f3.<\/p>\n\n\n\n<p>Hern\u00e1ndez indic\u00f3 que el municipio est\u00e1 obligado a participar debido a que recibe fondos como Secci\u00f3n 8, ESG, Continuum of Care y HOPWA, entre otros.<\/p>\n\n\n\n<p>\u201cNosotros como municipio recibimos distintos fondos federales, por lo que tenemos la responsabilidad directa de participar en este conteo\u201d, sostuvo Hern\u00e1ndez, quien dijo que como parte de los preparativos, el ayuntamiento se reuni\u00f3 con los l\u00edderes comunitarios de los 13 barrios de Humacao para identificar posibles casos de personas sin hogar en sus comunidades.<\/p>\n\n\n\n<p>El esfuerzo busca \u201cpoder identificar la poblaci\u00f3n sin hogar que est\u00e9 dentro de los barrios\u201d, detall\u00f3 Hern\u00e1ndez.<\/p>\n\n\n\n<p>Sobre el fen\u00f3meno del sinhogarismo, coment\u00f3 que &nbsp;\u201ca trav\u00e9s de los a\u00f1os siempre se concentraba en el \u00e1rea urbana, no solo de Humacao, sino de pueblos adyacentes. Sin embargo, desde 1998 hasta ahora ha habido un aumento de personas sin hogar en zonas rurales\u201d, afirm\u00f3.<\/p>\n\n\n\n<p>El funcionario explic\u00f3 que muchas de estas personas son conocidas por sus comunidades, lo que dificulta su identificaci\u00f3n formal. \u201cSon personas que los barrios conocen, son parte de la comunidad, pero que cumplen con las caracter\u00edsticas que HUD identifica como persona sin hogar, como carecer de servicios de agua y luz o vivir en una estructura no apta para la vida humana\u201d, indic\u00f3.<\/p>\n\n\n\n<p>A\u00f1adi\u00f3 que, en muchos casos, la comunidad suple necesidades b\u00e1sicas de estas personas.<\/p>\n\n\n\n<p>Cont\u00f3 que \u201cmuchas veces la misma comunidad los nutre, les da comida o les presta una lavadora, y como eso se vuelve habitual, la comunidad se acostumbra a verlos as\u00ed y no los clasifica como personas sin hogar. No debe ser la norma que una persona viva en esas condiciones\u201d.<\/p>\n\n\n\n<p>Hern\u00e1ndez subray\u00f3 que el objetivo del municipio este a\u00f1o va m\u00e1s all\u00e1 de contabilizar: \u201cNuestro fin este a\u00f1o, adem\u00e1s de contar, es poder referir y atender directamente las necesidades de esta poblaci\u00f3n\u201d.<\/p>\n\n\n\n<p>Para ello, el municipio utilizar\u00e1 puntos de inter\u00e9s previamente identificados, basados en la experiencia acumulada desde su participaci\u00f3n continua en el conteo desde 2008.<\/p>\n\n\n\n<p>Actualmente, el ayuntamiento cuenta con cuatro proyectos dirigidos a atender a personas sin hogar, incluyendo iniciativas para prevenir que personas caigan en la calle, atender casos cr\u00f3nicos y asistir a quienes ya viven sin vivienda.<\/p>\n\n\n\n<p>La iniciativa busca visibilizar realidades que con frecuencia pasan desapercibidas, especialmente en comunidades rurales donde la falta de una vivienda segura no siempre se reconoce ni se documenta y permite identificar la necesidad en regiones con menor acceso a servicios, apoyando una distribuci\u00f3n m\u00e1s equitativa y basada en datos de los recursos disponibles.<\/p>\n\n\n\n<p>Para Keilyn Vale Lassalle, oficial principal de Coordinadora Moriviv\u00ed, que encabeza la iniciativa, \u201ceste conteo nos permite conocer la realidad tal como es y tomar mejores decisiones. Los datos influyen directamente en los servicios que se ofrecen, en las pol\u00edticas p\u00fablicas y en c\u00f3mo se asignan los recursos para atender el sinhogarismo de manera justa y efectiva\u201d.<\/p>\n\n\n\n<p>Vale Lassalle explic\u00f3 que el sinhogarismo no se limita a las personas que duermen en la calle, como las que se observan en plazas o debajo de puentes.<\/p>\n\n\n\n<p>Expuso que tambi\u00e9n incluye a quienes pernoctan en veh\u00edculos, estructuras abandonadas, albergues de emergencia, as\u00ed como personas y familias que viven en viviendas no adecuadas para la vida humana, particularmente en comunidades rurales.<\/p>\n","protected":false},"excerpt":{"rendered":"<p>La regi\u00f3n oriental ser\u00e1 parte, desde esta tarde, del Conteo de Personas sin Hogar 2026, un esfuerzo de 24 horas que tiene el objetivo de medir la magnitud del sinhogarismo y orientar la planificaci\u00f3n de servicios y recursos en la Isla. M\u00e1s de diez municipios de la zona este participar\u00e1n de la iniciativa que impulsa [&hellip;]<\/p>\n","protected":false},"author":1,"featured_media":229,"comment_status":"open","ping_status":"open","sticky":false,"template":"","format":"standard","meta":{"_et_pb_use_builder":"off","_et_pb_old_content":"","_et_gb_content_width":"","footnotes":""},"categories":[5],"tags":[],"class_list":["post-228","post","type-post","status-publish","format-standard","has-post-thumbnail","hentry","category-al-frente","et-has-post-format-content","et_post_format-et-post-format-standard"],"_links":{"self":[{"href":"https:\/\/periodicoeloriental.com\/index.php?rest_route=\/wp\/v2\/posts\/228","targetHints":{"allow":["GET"]}}],"collection":[{"href":"https:\/\/periodicoeloriental.com\/index.php?rest_route=\/wp\/v2\/posts"}],"about":[{"href":"https:\/\/periodicoeloriental.com\/index.php?rest_route=\/wp\/v2\/types\/post"}],"author":[{"embeddable":true,"href":"https:\/\/periodicoeloriental.com\/index.php?rest_route=\/wp\/v2\/users\/1"}],"replies":[{"embeddable":true,"href":"https:\/\/periodicoeloriental.com\/index.php?rest_route=%2Fwp%2Fv2%2Fcomments&post=228"}],"version-history":[{"count":1,"href":"https:\/\/periodicoeloriental.com\/index.php?rest_route=\/wp\/v2\/posts\/228\/revisions"}],"predecessor-version":[{"id":230,"href":"https:\/\/periodicoeloriental.com\/index.php?rest_route=\/wp\/v2\/posts\/228\/revisions\/230"}],"wp:featuredmedia":[{"embeddable":true,"href":"https:\/\/periodicoeloriental.com\/index.php?rest_route=\/wp\/v2\/media\/229"}],"wp:attachment":[{"href":"https:\/\/periodicoeloriental.com\/index.php?rest_route=%2Fwp%2Fv2%2Fmedia&parent=228"}],"wp:term":[{"taxonomy":"category","embeddable":true,"href":"https:\/\/periodicoeloriental.com\/index.php?rest_route=%2Fwp%2Fv2%2Fcategories&post=228"},{"taxonomy":"post_tag","embeddable":true,"href":"https:\/\/periodicoeloriental.com\/index.php?rest_route=%2Fwp%2Fv2%2Ftags&post=228"}],"curies":[{"name":"wp","href":"https:\/\/api.w.org\/{rel}","templated":true}]}}